{"id":409,"date":"2023-12-05T15:19:50","date_gmt":"2023-12-05T14:19:50","guid":{"rendered":"https:\/\/collegeborisvian.blogs.laclasse.com\/?p=409"},"modified":"2023-12-05T15:20:15","modified_gmt":"2023-12-05T14:20:15","slug":"des-eleves-du-college-au-conseil-municipal-des-jeunes-cmj","status":"publish","type":"post","link":"https:\/\/collegeborisvian.blogs.laclasse.com\/?p=409","title":{"rendered":"Des \u00e9l\u00e8ves du coll\u00e8ge au Conseil Municipal des Jeunes (CMJ)"},"content":{"rendered":"<p>Le nouveau Conseil Municipal des Jeunes comprend deux \u00e9l\u00e8ves du coll\u00e8ge Boris Vian : Albane Gardon (4e4) et Ma\u00efssem Djellal (4e4).<\/p>\n<p>Aux c\u00f4t\u00e9s de 11 autres jeunes des \u00e9tablissements de la ville de St Priest, nos deux \u00e9l\u00e8ves \u00e9lues au CMJ, ont r\u00e7u l&rsquo;\u00e9charpe tricolore des mains de monsieur le maire Gilles Gascon. Elles vont pouvoir repr\u00e9senter les jeunes et faire entendre leurs voix \u00e0 travers diff\u00e9rents projets et propositions et ce sur une dur\u00e9e de deux ans.<\/p>\n<p>Nous les f\u00e9licitons pour cet engagement citoyen !<\/p>\n<p><img loading=\"lazy\" decoding=\"async\" class=\"alignnone size-large wp-image-410\" src=\"https:\/\/collegeborisvian.blogs.laclasse.com\/wp-content\/uploads\/sites\/5608\/2023\/12\/Capture-decran-2023-12-05-a-15.10.16-1024x434.png\" alt=\"\" width=\"910\" height=\"386\" srcset=\"https:\/\/collegeborisvian.blogs.laclasse.com\/wp-content\/uploads\/sites\/5608\/2023\/12\/Capture-decran-2023-12-05-a-15.10.16-1024x434.png 1024w, https:\/\/collegeborisvian.blogs.laclasse.com\/wp-content\/uploads\/sites\/5608\/2023\/12\/Capture-decran-2023-12-05-a-15.10.16-300x127.png 300w, https:\/\/collegeborisvian.blogs.laclasse.com\/wp-content\/uploads\/sites\/5608\/2023\/12\/Capture-decran-2023-12-05-a-15.10.16-768x326.png 768w, https:\/\/collegeborisvian.blogs.laclasse.com\/wp-content\/uploads\/sites\/5608\/2023\/12\/Capture-decran-2023-12-05-a-15.10.16-1536x651.png 1536w, https:\/\/collegeborisvian.blogs.laclasse.com\/wp-content\/uploads\/sites\/5608\/2023\/12\/Capture-decran-2023-12-05-a-15.10.16.png 1736w\" sizes=\"auto, (max-width: 910px) 100vw, 910px\" \/><\/p>\n","protected":false},"excerpt":{"rendered":"<p>Le nouveau Conseil Municipal des Jeunes comprend deux \u00e9l\u00e8ves du coll\u00e8ge Boris Vian : Albane Gardon (4e4) et Ma\u00efssem Djellal<\/p>\n","protected":false},"author":124882,"featured_media":410,"comment_status":"closed","ping_status":"closed","sticky":false,"template":"","format":"standard","meta":{"footnotes":""},"categories":[27],"tags":[],"class_list":["post-409","post","type-post","status-publish","format-standard","has-post-thumbnail","hentry","category-espace-eleves","comments-off"],"_links":{"self":[{"href":"https:\/\/collegeborisvian.blogs.laclasse.com\/index.php?rest_route=\/wp\/v2\/posts\/409","targetHints":{"allow":["GET"]}}],"collection":[{"href":"https:\/\/collegeborisvian.blogs.laclasse.com\/index.php?rest_route=\/wp\/v2\/posts"}],"about":[{"href":"https:\/\/collegeborisvian.blogs.laclasse.com\/index.php?rest_route=\/wp\/v2\/types\/post"}],"author":[{"embeddable":true,"href":"https:\/\/collegeborisvian.blogs.laclasse.com\/index.php?rest_route=\/wp\/v2\/users\/124882"}],"replies":[{"embeddable":true,"href":"https:\/\/collegeborisvian.blogs.laclasse.com\/index.php?rest_route=%2Fwp%2Fv2%2Fcomments&post=409"}],"version-history":[{"count":2,"href":"https:\/\/collegeborisvian.blogs.laclasse.com\/index.php?rest_route=\/wp\/v2\/posts\/409\/revisions"}],"predecessor-version":[{"id":416,"href":"https:\/\/collegeborisvian.blogs.laclasse.com\/index.php?rest_route=\/wp\/v2\/posts\/409\/revisions\/416"}],"wp:featuredmedia":[{"embeddable":true,"href":"https:\/\/collegeborisvian.blogs.laclasse.com\/index.php?rest_route=\/wp\/v2\/media\/410"}],"wp:attachment":[{"href":"https:\/\/collegeborisvian.blogs.laclasse.com\/index.php?rest_route=%2Fwp%2Fv2%2Fmedia&parent=409"}],"wp:term":[{"taxonomy":"category","embeddable":true,"href":"https:\/\/collegeborisvian.blogs.laclasse.com\/index.php?rest_route=%2Fwp%2Fv2%2Fcategories&post=409"},{"taxonomy":"post_tag","embeddable":true,"href":"https:\/\/collegeborisvian.blogs.laclasse.com\/index.php?rest_route=%2Fwp%2Fv2%2Ftags&post=409"}],"curies":[{"name":"wp","href":"https:\/\/api.w.org\/{rel}","templated":true}]}}