{"id":936,"date":"2024-05-31T19:22:10","date_gmt":"2024-05-31T17:22:10","guid":{"rendered":"https:\/\/collegeborisvian.blogs.laclasse.com\/?p=936"},"modified":"2024-05-31T17:50:59","modified_gmt":"2024-05-31T15:50:59","slug":"les-eleves-engages-dans-les-commemorations-recoivent-une-medaille","status":"publish","type":"post","link":"https:\/\/collegeborisvian.blogs.laclasse.com\/?p=936","title":{"rendered":"Les \u00e9l\u00e8ves engag\u00e9s dans les comm\u00e9morations re\u00e7oivent une m\u00e9daille"},"content":{"rendered":"<p>Ce jeudi 30 mai les 13 \u00e9l\u00e8ves engag\u00e9s dans <strong>les comm\u00e9morations du 11 novembre et du 8 mai<\/strong> \u00e0 Saint Priest ont \u00e9t\u00e9 convi\u00e9s par M. le maire Gilles Gascon \u00e0 une c\u00e9r\u00e9monie de remerciements \u00e0 l&rsquo;H\u00f4tel de ville de Saint Priest. A cette occasion, ils ont pu entendre les remerciements de M. le maire et recevoir une m\u00e9daille pour r\u00e9compenser leur engagement. Les \u00e9l\u00e8ves ont rencontr\u00e9 des repr\u00e9sentants des anciens combattants et certains d&rsquo;entre eux ont \u00e9t\u00e9 int\u00e9ress\u00e9s par la missions de porte-drapeau.<\/p>\n<p><img loading=\"lazy\" decoding=\"async\" class=\"aligncenter wp-image-937 size-donovan-list-post\" src=\"https:\/\/collegeborisvian.blogs.laclasse.com\/wp-content\/uploads\/sites\/5608\/2024\/05\/1717169564611-600x450.jpg\" alt=\"\" width=\"600\" height=\"450\" srcset=\"https:\/\/collegeborisvian.blogs.laclasse.com\/wp-content\/uploads\/sites\/5608\/2024\/05\/1717169564611-600x450.jpg 600w, https:\/\/collegeborisvian.blogs.laclasse.com\/wp-content\/uploads\/sites\/5608\/2024\/05\/1717169564611-300x224.jpg 300w, https:\/\/collegeborisvian.blogs.laclasse.com\/wp-content\/uploads\/sites\/5608\/2024\/05\/1717169564611-1024x766.jpg 1024w, https:\/\/collegeborisvian.blogs.laclasse.com\/wp-content\/uploads\/sites\/5608\/2024\/05\/1717169564611-768x575.jpg 768w, https:\/\/collegeborisvian.blogs.laclasse.com\/wp-content\/uploads\/sites\/5608\/2024\/05\/1717169564611-1536x1149.jpg 1536w, https:\/\/collegeborisvian.blogs.laclasse.com\/wp-content\/uploads\/sites\/5608\/2024\/05\/1717169564611-2048x1532.jpg 2048w\" sizes=\"auto, (max-width: 600px) 100vw, 600px\" \/><\/p>\n<p style=\"text-align: center\">Nous f\u00e9licitons ces \u00e9l\u00e8ves pour leur engagement citoyen !<\/p>\n<div id='gallery-1' class='gallery galleryid-936 gallery-columns-3 gallery-size-medium'><figure class='gallery-item'>\n\t\t\t<div class='gallery-icon landscape'>\n\t\t\t\t<img loading=\"lazy\" decoding=\"async\" width=\"300\" height=\"139\" src=\"https:\/\/collegeborisvian.blogs.laclasse.com\/wp-content\/uploads\/sites\/5608\/2024\/05\/1717170342687-300x139.jpg\" class=\"attachment-medium size-medium\" alt=\"\" aria-describedby=\"gallery-1-940\" srcset=\"https:\/\/collegeborisvian.blogs.laclasse.com\/wp-content\/uploads\/sites\/5608\/2024\/05\/1717170342687-300x139.jpg 300w, https:\/\/collegeborisvian.blogs.laclasse.com\/wp-content\/uploads\/sites\/5608\/2024\/05\/1717170342687-1024x473.jpg 1024w, https:\/\/collegeborisvian.blogs.laclasse.com\/wp-content\/uploads\/sites\/5608\/2024\/05\/1717170342687-768x355.jpg 768w, https:\/\/collegeborisvian.blogs.laclasse.com\/wp-content\/uploads\/sites\/5608\/2024\/05\/1717170342687.jpg 1080w\" sizes=\"auto, (max-width: 300px) 100vw, 300px\" \/>\n\t\t\t<\/div>\n\t\t\t\t<figcaption class='wp-caption-text gallery-caption' id='gallery-1-940'>\n\t\t\t\tM. le maire prononce un discours pour remercier les \u00e9l\u00e8ves\n\t\t\t\t<\/figcaption><\/figure><figure class='gallery-item'>\n\t\t\t<div class='gallery-icon landscape'>\n\t\t\t\t<img loading=\"lazy\" decoding=\"async\" width=\"300\" height=\"139\" src=\"https:\/\/collegeborisvian.blogs.laclasse.com\/wp-content\/uploads\/sites\/5608\/2024\/05\/1717170342668-300x139.jpg\" class=\"attachment-medium size-medium\" alt=\"\" aria-describedby=\"gallery-1-941\" srcset=\"https:\/\/collegeborisvian.blogs.laclasse.com\/wp-content\/uploads\/sites\/5608\/2024\/05\/1717170342668-300x139.jpg 300w, https:\/\/collegeborisvian.blogs.laclasse.com\/wp-content\/uploads\/sites\/5608\/2024\/05\/1717170342668-1024x473.jpg 1024w, https:\/\/collegeborisvian.blogs.laclasse.com\/wp-content\/uploads\/sites\/5608\/2024\/05\/1717170342668-768x355.jpg 768w, https:\/\/collegeborisvian.blogs.laclasse.com\/wp-content\/uploads\/sites\/5608\/2024\/05\/1717170342668.jpg 1080w\" sizes=\"auto, (max-width: 300px) 100vw, 300px\" \/>\n\t\t\t<\/div>\n\t\t\t\t<figcaption class='wp-caption-text gallery-caption' id='gallery-1-941'>\n\t\t\t\tLes portes-drapeaux, repr\u00e9sentants des anciens combattants\n\t\t\t\t<\/figcaption><\/figure><figure class='gallery-item'>\n\t\t\t<div class='gallery-icon landscape'>\n\t\t\t\t<img loading=\"lazy\" decoding=\"async\" width=\"300\" height=\"139\" src=\"https:\/\/collegeborisvian.blogs.laclasse.com\/wp-content\/uploads\/sites\/5608\/2024\/05\/1717170342703-300x139.jpg\" class=\"attachment-medium size-medium\" alt=\"\" aria-describedby=\"gallery-1-939\" srcset=\"https:\/\/collegeborisvian.blogs.laclasse.com\/wp-content\/uploads\/sites\/5608\/2024\/05\/1717170342703-300x139.jpg 300w, https:\/\/collegeborisvian.blogs.laclasse.com\/wp-content\/uploads\/sites\/5608\/2024\/05\/1717170342703-1024x473.jpg 1024w, https:\/\/collegeborisvian.blogs.laclasse.com\/wp-content\/uploads\/sites\/5608\/2024\/05\/1717170342703-768x355.jpg 768w, https:\/\/collegeborisvian.blogs.laclasse.com\/wp-content\/uploads\/sites\/5608\/2024\/05\/1717170342703.jpg 1080w\" sizes=\"auto, (max-width: 300px) 100vw, 300px\" \/>\n\t\t\t<\/div>\n\t\t\t\t<figcaption class='wp-caption-text gallery-caption' id='gallery-1-939'>\n\t\t\t\tLes \u00e9l\u00e8ves des \u00e9coles, du coll\u00e8ge Boris Vian et du Lyc\u00e9e Condorcet ayant particip\u00e9s aux com\u00e9mmorations\n\t\t\t\t<\/figcaption><\/figure>\n\t\t<\/div>\n\n","protected":false},"excerpt":{"rendered":"<p>Ce jeudi 30 mai les 13 \u00e9l\u00e8ves engag\u00e9s dans les comm\u00e9morations du 11 novembre et du 8 mai \u00e0 Saint<\/p>\n","protected":false},"author":124882,"featured_media":940,"comment_status":"closed","ping_status":"closed","sticky":false,"template":"","format":"standard","meta":{"footnotes":""},"categories":[9],"tags":[67,37,66],"class_list":["post-936","post","type-post","status-publish","format-standard","has-post-thumbnail","hentry","category-histoire-geographie-emc","tag-citoyen","tag-commemorations","tag-saint-priest","comments-off"],"_links":{"self":[{"href":"https:\/\/collegeborisvian.blogs.laclasse.com\/index.php?rest_route=\/wp\/v2\/posts\/936","targetHints":{"allow":["GET"]}}],"collection":[{"href":"https:\/\/collegeborisvian.blogs.laclasse.com\/index.php?rest_route=\/wp\/v2\/posts"}],"about":[{"href":"https:\/\/collegeborisvian.blogs.laclasse.com\/index.php?rest_route=\/wp\/v2\/types\/post"}],"author":[{"embeddable":true,"href":"https:\/\/collegeborisvian.blogs.laclasse.com\/index.php?rest_route=\/wp\/v2\/users\/124882"}],"replies":[{"embeddable":true,"href":"https:\/\/collegeborisvian.blogs.laclasse.com\/index.php?rest_route=%2Fwp%2Fv2%2Fcomments&post=936"}],"version-history":[{"count":5,"href":"https:\/\/collegeborisvian.blogs.laclasse.com\/index.php?rest_route=\/wp\/v2\/posts\/936\/revisions"}],"predecessor-version":[{"id":946,"href":"https:\/\/collegeborisvian.blogs.laclasse.com\/index.php?rest_route=\/wp\/v2\/posts\/936\/revisions\/946"}],"wp:featuredmedia":[{"embeddable":true,"href":"https:\/\/collegeborisvian.blogs.laclasse.com\/index.php?rest_route=\/wp\/v2\/media\/940"}],"wp:attachment":[{"href":"https:\/\/collegeborisvian.blogs.laclasse.com\/index.php?rest_route=%2Fwp%2Fv2%2Fmedia&parent=936"}],"wp:term":[{"taxonomy":"category","embeddable":true,"href":"https:\/\/collegeborisvian.blogs.laclasse.com\/index.php?rest_route=%2Fwp%2Fv2%2Fcategories&post=936"},{"taxonomy":"post_tag","embeddable":true,"href":"https:\/\/collegeborisvian.blogs.laclasse.com\/index.php?rest_route=%2Fwp%2Fv2%2Ftags&post=936"}],"curies":[{"name":"wp","href":"https:\/\/api.w.org\/{rel}","templated":true}]}}